{"id":88828,"date":"2021-09-17T00:00:00","date_gmt":"2021-09-16T22:00:00","guid":{"rendered":"https:\/\/peronda.com\/?p=88828"},"modified":"2025-12-09T16:22:53","modified_gmt":"2025-12-09T15:22:53","slug":"peronda-realiza-una-preview-en-su-novedoso-cube","status":"publish","type":"post","link":"https:\/\/peronda.com\/de\/peronda-realiza-una-preview-en-su-novedoso-cube\/","title":{"rendered":"PERONDA veranstaltet eine Vorschau in seinem neuartigen Cube"},"content":{"rendered":"<p class=\"wp-block-paragraph\">Letzte Woche konnten wir die neueste Keramiktechnologie in einem spektakul\u00e4ren Raum sehen, und zwar Peronda installierte Cube, einen tragbaren Container-Stand, auf der Plaza del Agua im Hafen von Valencia.<\/p>\n\n\n\n<p class=\"wp-block-paragraph\">Schon bald kamen die Hauptkunden zum CUBE, begierig darauf, die Neuerungen zu entdecken, an denen die Marke in den letzten Monaten gearbeitet hat. So erblickten Konzepte wie SHAPED TECH, LAYER TECH, EXTRAWHITE oder, das \u00fcberraschendste von allen, FAST FIX, als Vorschlag f\u00fcr ein Trockeninstallationssystem, das die Baubranche revolutionieren wird, das Licht der Welt.<\/p>\n\n\n\n<p class=\"wp-block-paragraph\">Die Installation diente als Plattform, damit der auf Vintage-Produkte spezialisierte Innenarchitekt Francisco Segarra und der auf industrialisierte Wohnraum fokussierte Architekt Guillermo Mochol\u00ed ihre Zukunftsperspektiven im Bausektor aus verschiedenen Blickwinkeln darlegen konnten. Beide Pr\u00e4sentationen wurden von den \u00fcber 100 Anwesenden der Veranstaltung sehr gut aufgenommen.<\/p>\n\n\n\n<figure class=\"wp-block-image\"><img decoding=\"async\" src=\"https:\/\/peronda.com\/data\/cube-cerrado.png\" alt=\"W\u00fcrfel-geschlossen\" title=\"W\u00fcrfel-geschlossen\"\/><\/figure>\n\n\n\n<figure class=\"wp-block-image\"><img decoding=\"async\" src=\"https:\/\/peronda.com\/data\/cube-abierto.png\" alt=\"W\u00fcrfel-offen\" title=\"W\u00fcrfel-offen\"\/><\/figure>\n\n\n\n<figure class=\"wp-block-image\"><img decoding=\"async\" src=\"https:\/\/peronda.com\/data\/evento-cube-pop-up-amado-salvador-peronda-0061.jpg\" alt=\"Event-W\u00fcrfel-Pop-up-Amado-Salvador-Peronda-0061\" title=\"Event-W\u00fcrfel-Pop-up-Amado-Salvador-Peronda-0061\"\/><\/figure>\n\n\n\n<figure class=\"wp-block-image\"><img decoding=\"async\" src=\"https:\/\/peronda.com\/data\/evento-cube-pop-up-amado-salvador-peronda-0117.jpg\" alt=\"Veranstaltungs-W\u00fcrfel Pop-up Amado Salvador Peronda 0117\" title=\"Veranstaltungs-W\u00fcrfel Pop-up Amado Salvador Peronda 0117\"\/><\/figure>","protected":false},"excerpt":{"rendered":"<p>DIE MARKE ZEIGT IHRE KERAMISCHEN INNOVATIONEN AUF EINEM TRAGBAREN STAND IN DER MARINA VON VALENCIA<\/p>","protected":false},"author":4,"featured_media":88829,"comment_status":"open","ping_status":"open","sticky":false,"template":"","format":"standard","meta":{"_acf_changed":false,"_crdt_document":"","inline_featured_image":false,"advanced_seo_description":"","jetpack_seo_html_title":"","jetpack_seo_noindex":false,"_jetpack_memberships_contains_paid_content":false,"footnotes":""},"categories":[1],"tags":[],"class_list":["post-88828","post","type-post","status-publish","format-standard","has-post-thumbnail","hentry","category-uncategorized"],"acf":[],"jetpack_featured_media_url":"https:\/\/peronda.com\/wp-content\/uploads\/2025\/12\/evento-cube-pop-up-amado-salvador-peronda-0056.jpg","jetpack_sharing_enabled":true,"jetpack_shortlink":"https:\/\/wp.me\/ph5px4-n6I","_links":{"self":[{"href":"https:\/\/peronda.com\/de\/wp-json\/wp\/v2\/posts\/88828","targetHints":{"allow":["GET"]}}],"collection":[{"href":"https:\/\/peronda.com\/de\/wp-json\/wp\/v2\/posts"}],"about":[{"href":"https:\/\/peronda.com\/de\/wp-json\/wp\/v2\/types\/post"}],"author":[{"embeddable":true,"href":"https:\/\/peronda.com\/de\/wp-json\/wp\/v2\/users\/4"}],"replies":[{"embeddable":true,"href":"https:\/\/peronda.com\/de\/wp-json\/wp\/v2\/comments?post=88828"}],"version-history":[{"count":2,"href":"https:\/\/peronda.com\/de\/wp-json\/wp\/v2\/posts\/88828\/revisions"}],"predecessor-version":[{"id":88833,"href":"https:\/\/peronda.com\/de\/wp-json\/wp\/v2\/posts\/88828\/revisions\/88833"}],"wp:featuredmedia":[{"embeddable":true,"href":"https:\/\/peronda.com\/de\/wp-json\/wp\/v2\/media\/88829"}],"wp:attachment":[{"href":"https:\/\/peronda.com\/de\/wp-json\/wp\/v2\/media?parent=88828"}],"wp:term":[{"taxonomy":"category","embeddable":true,"href":"https:\/\/peronda.com\/de\/wp-json\/wp\/v2\/categories?post=88828"},{"taxonomy":"post_tag","embeddable":true,"href":"https:\/\/peronda.com\/de\/wp-json\/wp\/v2\/tags?post=88828"}],"curies":[{"name":"wp","href":"https:\/\/api.w.org\/{rel}","templated":true}]}}